{"id":374,"global_id":"gtue-prebitz.de?id=374","global_id_lineage":["gtue-prebitz.de?id=374"],"author":"3","status":"publish","date":"2024-07-25 10:23:04","date_utc":"2024-07-25 10:23:04","modified":"2026-04-02 08:37:41","modified_utc":"2026-04-02 08:37:41","url":"https:\/\/gtue-prebitz.de\/?tribe_events=ausbildung-zum-radladerfahrer-m-w-d","rest_url":"https:\/\/gtue-prebitz.de\/index.php?rest_route=\/tribe\/events\/v1\/events\/374","title":"Ausbildung zum Radladerfahrer (m\/w\/d)","description":"<p><strong>Ausbildung zum Radladerfahrer (m\/w\/d)<\/strong><\/p>\n<p>gem\u00e4\u00df Arbeitsschutzgesetz (ArbSchG), Betriebssicherheitsverordnung (BetrSichV) DGUV-Grundsatz 301-005, DGUV-Regel 100-500 Kap. 2.12,<\/p>\n<p>&nbsp;<\/p>\n<p>Inhalte:<\/p>\n<p>Rechtliche Grundlagen und Unfallgeschehen &#8211; Betriebsanweisungen &#8211; Aufgaben und Pflichten des Radladerfahrers &#8211; Aufbau und Funktion von Radladern &#8211; T\u00e4gliche Einsatzpr\u00fcfung &#8211; Regelm\u00e4\u00dfige Pr\u00fcfungen &#8211; Wechseln von Anbauger\u00e4ten &#8211; Standsicheres Verfahren von Radladerrn &#8211; Gefahrstellen &#8211; Verkehrssicherungspflicht &#8211; Versetzfahrten &#8211; Verkehrsregeln und Verkehrswege &#8211; Einsatz im \u00f6ffentlichen Stra\u00dfenverkehr &#8211; Praktische Einweisung &#8211; Fahr\u00fcbungen &#8211; Theoretische und praktische Pr\u00fcfung<\/p>\n<p>&nbsp;<\/p>\n<p>&nbsp;<\/p>\n<p>&nbsp;<\/p>","excerpt":"","slug":"ausbildung-zum-radladerfahrer-m-w-d","image":{"url":"https:\/\/gtue-prebitz.de\/wordpress\/wp-content\/uploads\/2024\/07\/Bild-f.-Ausbildung-zum-Radladerfahrer.jpeg","id":334,"extension":"jpeg","width":1331,"height":1331,"filesize":420428,"sizes":{"medium":{"width":300,"height":300,"mime-type":"image\/jpeg","filesize":22284,"url":"https:\/\/gtue-prebitz.de\/wordpress\/wp-content\/uploads\/2024\/07\/Bild-f.-Ausbildung-zum-Radladerfahrer-300x300.jpeg"},"large":{"width":1024,"height":1024,"mime-type":"image\/jpeg","filesize":176500,"url":"https:\/\/gtue-prebitz.de\/wordpress\/wp-content\/uploads\/2024\/07\/Bild-f.-Ausbildung-zum-Radladerfahrer-1024x1024.jpeg"},"thumbnail":{"width":150,"height":150,"mime-type":"image\/jpeg","filesize":8018,"url":"https:\/\/gtue-prebitz.de\/wordpress\/wp-content\/uploads\/2024\/07\/Bild-f.-Ausbildung-zum-Radladerfahrer-150x150.jpeg"},"medium_large":{"width":768,"height":768,"mime-type":"image\/jpeg","filesize":107839,"url":"https:\/\/gtue-prebitz.de\/wordpress\/wp-content\/uploads\/2024\/07\/Bild-f.-Ausbildung-zum-Radladerfahrer-768x768.jpeg"}}},"all_day":false,"start_date":"2026-06-22 09:00:00","start_date_details":{"year":"2026","month":"06","day":"22","hour":"09","minutes":"00","seconds":"00"},"end_date":"2026-06-22 15:00:00","end_date_details":{"year":"2026","month":"06","day":"22","hour":"15","minutes":"00","seconds":"00"},"utc_start_date":"2026-06-22 07:00:00","utc_start_date_details":{"year":"2026","month":"06","day":"22","hour":"07","minutes":"00","seconds":"00"},"utc_end_date":"2026-06-22 13:00:00","utc_end_date_details":{"year":"2026","month":"06","day":"22","hour":"13","minutes":"00","seconds":"00"},"timezone":"UTC+1","timezone_abbr":"UTC+1","cost":"165,00 EUR zzgl. MwSt.","cost_details":{"currency_symbol":" EUR zzgl. MwSt.","currency_code":"EUR","currency_position":"suffix","values":["165.00"]},"website":"gtue-prebitz.de","show_map":true,"show_map_link":true,"hide_from_listings":false,"sticky":false,"featured":false,"categories":[],"tags":[],"venue":{"id":298,"author":"2","status":"publish","date":"2024-07-08 13:52:03","date_utc":"2024-07-08 13:52:03","modified":"2024-07-25 09:54:42","modified_utc":"2024-07-25 09:54:42","url":"https:\/\/gtue-prebitz.de\/?tribe_venue=testveranstaltung","venue":"Prebitz","slug":"testveranstaltung","json_ld":{"@type":"Place","name":"Prebitz","description":"","url":"","address":{"@type":"PostalAddress"},"telephone":"","sameAs":""},"show_map":false,"show_map_link":false,"global_id":"gtue-prebitz.de?id=298","global_id_lineage":["gtue-prebitz.de?id=298"]},"organizer":[{"id":299,"author":"2","status":"publish","date":"2024-07-08 13:52:03","date_utc":"2024-07-08 13:52:03","modified":"2024-07-25 09:52:54","modified_utc":"2024-07-25 09:52:54","url":"https:\/\/gtue-prebitz.de\/?tribe_organizer=gtue-prebitz","organizer":"GT\u00dc-Engineering","slug":"gtue-prebitz","json_ld":{"@type":"Person","name":"GT\u00dc-Engineering","description":"","url":"","telephone":"","email":"","sameAs":""},"global_id":"gtue-prebitz.de?id=299","global_id_lineage":["gtue-prebitz.de?id=299"]}],"json_ld":{"@context":"http:\/\/schema.org","@type":"Event","name":"Ausbildung zum Radladerfahrer (m\/w\/d)","description":"&lt;p&gt;Ausbildung zum Radladerfahrer (m\/w\/d) gem\u00e4\u00df Arbeitsschutzgesetz (ArbSchG), Betriebssicherheitsverordnung (BetrSichV) DGUV-Grundsatz 301-005, DGUV-Regel 100-500 Kap. 2.12, &nbsp; Inhalte: Rechtliche Grundlagen und Unfallgeschehen - Betriebsanweisungen - Aufgaben und Pflichten des Radladerfahrers - [&hellip;]&lt;\/p&gt;\\n","image":"https:\/\/gtue-prebitz.de\/wordpress\/wp-content\/uploads\/2024\/07\/Bild-f.-Ausbildung-zum-Radladerfahrer.jpeg","url":"https:\/\/gtue-prebitz.de\/?tribe_events=ausbildung-zum-radladerfahrer-m-w-d","eventAttendanceMode":"https:\/\/schema.org\/OfflineEventAttendanceMode","eventStatus":"https:\/\/schema.org\/EventScheduled","startDate":"2026-06-22T09:00:00+01:00","endDate":"2026-06-22T15:00:00+01:00","location":{"@type":"Place","name":"Prebitz","description":"","url":"","address":{"@type":"PostalAddress"},"telephone":"","sameAs":""},"organizer":{"@type":"Person","name":"GT\u00dc-Engineering","description":"","url":"","telephone":"","email":"","sameAs":""},"offers":{"@type":"Offer","price":"165,00","priceCurrency":"EUR","url":"https:\/\/gtue-prebitz.de\/?tribe_events=ausbildung-zum-radladerfahrer-m-w-d","category":"primary","availability":"inStock","validFrom":"1970-01-01T00:00:00+00:00"},"performer":"Organization"}}